{"id":69,"date":"2021-07-16T13:28:00","date_gmt":"2021-07-16T11:28:00","guid":{"rendered":"https:\/\/friedensquelle.org\/cms\/?p=69"},"modified":"2023-09-25T15:52:43","modified_gmt":"2023-09-25T13:52:43","slug":"die-friedensquelle","status":"publish","type":"post","link":"https:\/\/friedensquelle.org\/cms\/index.php\/2021\/07\/16\/die-friedensquelle\/","title":{"rendered":"Die Friedensquelle"},"content":{"rendered":"\n<p>Liebe Freunde und G\u00e4ste der Friedensquelle,<br><br>viele Jahre waren die R\u00e4umlichkeiten der &#8222;Friedensquelle&#8220; im Frankfurter Westend der Ort meines Wirkens. Ich bin f\u00fcr jede Begegnung und das entgegengebrachte Vertrauen aller Freunde und G\u00e4ste der Friedensquelle sehr dankbar. <br><br>Nun ist es an der f\u00fcr mich andere Wege zu gehen. Und so wirke ich weiterhin als Lebensberaterin, Coach f\u00fcr bewusste und wertsch\u00e4tzende Sprache und energetische Heilerin weiter in pers\u00f6nlichen Einzelsitzungen. Gruppenangebote biete in der Friedensquelle allerdings nicht mehr an.<\/p>\n\n\n\n<p><br>Wer mehr \u00fcber mein Wirken erfahren m\u00f6chte, dem lege ich mein drittes <a rel=\"noreferrer noopener\" href=\"http:\/\/www.aikaverlag.de\/pages\/buecher.php\" target=\"_blank\">Buch &#8222;Ich erschaffe mich selbst und lasse mich f\u00fchren&#8220;<\/a> ans Herz, dass in meinem <a rel=\"noreferrer noopener\" href=\"http:\/\/www.aikaverlag.de\" target=\"_blank\">Aika Verlag<\/a> bestellt werden kann. Dort ist auch eine von mir gesprochene Gebets CD, passend zum Buch, ebenso im Aika Verlag erschienen.<br><br><br>Und hier noch ein paar eigene Gedanken zu der jetztigen Lage in der Gesellschaft:<\/p>\n\n\n\n<p>Lasst uns gemeinsam eine heile Welt erschaffen:<br><br>Wir leben in einer unruhigen Zeit. Viele \u00c4ngste verbreiten sich weiter in der Gesellschaft. Die Medien tragen ihren Teil dazu bei. Deshalb ist es wichtig, dass du die Informationen aus den Medien, weiterhin in einem Fastenmodus h\u00e4lst. Sei jedoch informiert, so dass du handeln kannst.<br><br>Beschr\u00e4nke dich weiterhin auf das Wesentliche.<br><br>Mache dir immer wieder bewusst: &#8222;Alles, worauf du deine Aufmerksamkeit lenkst, vergr\u00f6\u00dfert sich&#8220;.<br><br>Wenn du in dieser Welt etwas ver\u00e4ndern willst, ist es gut, dass du bei dir selbst beginnst. Erschaffe ab sofort mit deinen Gedanken, deiner Vorstellungskraft und deinen Gef\u00fchlen eine zum Wohle aller, heile Welt.<br><br>Und diesen Fokus bringe immer wieder mit deiner Gedankenkraft in dein Bewusstsein. So kannst du, gemeinsam mit uns allen mitwirken, dass du eine Welt zum Wohle aller, mitgestaltest. Bleibe dabei im Vertrauen, dass das, was geschieht, zu unserem besten ist.<br><br>Es macht f\u00fcr uns alle keinen Sinn, dass wir weiterhin \u00c4ngste mit unserer Gedankenkraft st\u00e4rken. Sei bereit, dass du den Teil, den du zur Ver\u00e4nderung beitragen kannst, positiv zum Wohle aller einsetzt. Beginne jetzt damit!<br><br>In diesem Sinne w\u00fcnsche ich uns allen eine friedvolle und entspannte Zeit.<br><br>Herzliche Gr\u00fc\u00dfe,<br><br>Eure Maria<\/p>\n","protected":false},"excerpt":{"rendered":"<p>Liebe Freunde und G\u00e4ste der Friedensquelle, viele Jahre waren die R\u00e4umlichkeiten der &#8222;Friedensquelle&#8220; im Frankfurter Westend der Ort meines Wirkens. Ich bin f\u00fcr jede Begegnung und das entgegengebrachte Vertrauen aller Freunde und G\u00e4ste der Friedensquelle sehr dankbar. Nun ist es an der f\u00fcr mich andere Wege zu gehen. Und so wirke ich weiterhin als Lebensberaterin, [&hellip;]<\/p>\n","protected":false},"author":1,"featured_media":0,"comment_status":"closed","ping_status":"closed","sticky":false,"template":"","format":"standard","meta":{"footnotes":""},"categories":[1],"tags":[],"class_list":["post-69","post","type-post","status-publish","format-standard","hentry","category-news"],"_links":{"self":[{"href":"https:\/\/friedensquelle.org\/cms\/index.php\/wp-json\/wp\/v2\/posts\/69","targetHints":{"allow":["GET"]}}],"collection":[{"href":"https:\/\/friedensquelle.org\/cms\/index.php\/wp-json\/wp\/v2\/posts"}],"about":[{"href":"https:\/\/friedensquelle.org\/cms\/index.php\/wp-json\/wp\/v2\/types\/post"}],"author":[{"embeddable":true,"href":"https:\/\/friedensquelle.org\/cms\/index.php\/wp-json\/wp\/v2\/users\/1"}],"replies":[{"embeddable":true,"href":"https:\/\/friedensquelle.org\/cms\/index.php\/wp-json\/wp\/v2\/comments?post=69"}],"version-history":[{"count":6,"href":"https:\/\/friedensquelle.org\/cms\/index.php\/wp-json\/wp\/v2\/posts\/69\/revisions"}],"predecessor-version":[{"id":757,"href":"https:\/\/friedensquelle.org\/cms\/index.php\/wp-json\/wp\/v2\/posts\/69\/revisions\/757"}],"wp:attachment":[{"href":"https:\/\/friedensquelle.org\/cms\/index.php\/wp-json\/wp\/v2\/media?parent=69"}],"wp:term":[{"taxonomy":"category","embeddable":true,"href":"https:\/\/friedensquelle.org\/cms\/index.php\/wp-json\/wp\/v2\/categories?post=69"},{"taxonomy":"post_tag","embeddable":true,"href":"https:\/\/friedensquelle.org\/cms\/index.php\/wp-json\/wp\/v2\/tags?post=69"}],"curies":[{"name":"wp","href":"https:\/\/api.w.org\/{rel}","templated":true}]}}